{"id":31247,"date":"2026-08-21T09:12:39","date_gmt":"2026-08-21T09:12:39","guid":{"rendered":"https:\/\/adeoliva.com\/les-olives-sont-des-fruits\/"},"modified":"2026-08-21T11:19:26","modified_gmt":"2026-08-21T11:19:26","slug":"les-olives-sont-des-fruits","status":"publish","type":"post","link":"https:\/\/adeoliva.com\/fr\/les-olives-sont-des-fruits\/","title":{"rendered":"Les olives sont des fruits : d\u00e9couvrez pourquoi"},"content":{"rendered":"\t\t<div data-elementor-type=\"wp-post\" data-elementor-id=\"31247\" class=\"elementor elementor-31247 elementor-31190\" data-elementor-post-type=\"post\">\n\t\t\t\t\t\t<section class=\"elementor-section elementor-top-section elementor-element elementor-element-8b04df0 elementor-section-boxed elementor-section-height-default elementor-section-height-default\" data-id=\"8b04df0\" data-element_type=\"section\">\n\t\t\t\t\t\t<div class=\"elementor-container elementor-column-gap-default\">\n\t\t\t\t\t<div class=\"elementor-column elementor-col-50 elementor-top-column elementor-element elementor-element-0ce80e0\" data-id=\"0ce80e0\" data-element_type=\"column\">\n\t\t\t<div class=\"elementor-widget-wrap elementor-element-populated\">\n\t\t\t\t\t\t<div class=\"elementor-element elementor-element-43b1d05 elementor-widget elementor-widget-text-editor\" data-id=\"43b1d05\" data-element_type=\"widget\" data-widget_type=\"text-editor.default\">\n\t\t\t\t<div class=\"elementor-widget-container\">\n\t\t\t\t\t\t\t\t\t<p>Lorsque l\u2019on parle d\u2019olives, on pense g\u00e9n\u00e9ralement aux amuse-bouches, aux salades ou \u00e0 l\u2019huile d\u2019olive, mais il existe un aspect botanique int\u00e9ressant : <strong>les olives sont des fruits<\/strong>. En r\u00e9alit\u00e9, cet aliment provient directement de la <strong>fleur de l\u2019olivier<\/strong> et remplit une fonction reproductive essentielle pour l\u2019arbre. L\u2019olive,<strong> fruit de l\u2019olivier<\/strong>, commence son d\u00e9veloppement apr\u00e8s la floraison et traverse diff\u00e9rentes phases jusqu\u2019\u00e0 atteindre sa maturit\u00e9. Comprendre ce processus permet de mieux appr\u00e9cier la campagne, mais aussi l\u2019huile d\u2019olive vierge extra.   <\/p>\t\t\t\t\t\t\t\t<\/div>\n\t\t\t\t<\/div>\n\t\t\t\t\t<\/div>\n\t\t<\/div>\n\t\t\t\t<div class=\"elementor-column elementor-col-50 elementor-top-column elementor-element elementor-element-fe3b444\" data-id=\"fe3b444\" data-element_type=\"column\">\n\t\t\t<div class=\"elementor-widget-wrap elementor-element-populated\">\n\t\t\t\t\t\t<div class=\"elementor-element elementor-element-a9a69fa elementor-widget elementor-widget-image\" data-id=\"a9a69fa\" data-element_type=\"widget\" data-widget_type=\"image.default\">\n\t\t\t\t<div class=\"elementor-widget-container\">\n\t\t\t\t\t\t\t\t\t\t\t\t\t\t\t<img fetchpriority=\"high\" decoding=\"async\" width=\"888\" height=\"592\" src=\"https:\/\/adeoliva.com\/wp-content\/uploads\/2026\/08\/las_aceitunas_son_frutas-1024x683.jpg\" class=\"attachment-large size-large wp-image-31244\" alt=\"Les olives sont des fruits\" srcset=\"https:\/\/adeoliva.com\/wp-content\/uploads\/2026\/08\/las_aceitunas_son_frutas-1024x683.jpg 1024w, https:\/\/adeoliva.com\/wp-content\/uploads\/2026\/08\/las_aceitunas_son_frutas-300x200.jpg 300w, https:\/\/adeoliva.com\/wp-content\/uploads\/2026\/08\/las_aceitunas_son_frutas-768x512.jpg 768w, https:\/\/adeoliva.com\/wp-content\/uploads\/2026\/08\/las_aceitunas_son_frutas-1536x1024.jpg 1536w, https:\/\/adeoliva.com\/wp-content\/uploads\/2026\/08\/las_aceitunas_son_frutas-600x400.jpg 600w, https:\/\/adeoliva.com\/wp-content\/uploads\/2026\/08\/las_aceitunas_son_frutas.jpg 1920w\" sizes=\"(max-width: 888px) 100vw, 888px\" title=\"\">\t\t\t\t\t\t\t\t\t\t\t\t\t\t\t<\/div>\n\t\t\t\t<\/div>\n\t\t\t\t\t<\/div>\n\t\t<\/div>\n\t\t\t\t\t<\/div>\n\t\t<\/section>\n\t\t\t\t<section class=\"elementor-section elementor-top-section elementor-element elementor-element-e96238b elementor-section-boxed elementor-section-height-default elementor-section-height-default\" data-id=\"e96238b\" data-element_type=\"section\">\n\t\t\t\t\t\t<div class=\"elementor-container elementor-column-gap-default\">\n\t\t\t\t\t<div class=\"elementor-column elementor-col-100 elementor-top-column elementor-element elementor-element-2389845\" data-id=\"2389845\" data-element_type=\"column\">\n\t\t\t<div class=\"elementor-widget-wrap elementor-element-populated\">\n\t\t\t\t\t\t<div class=\"elementor-element elementor-element-93488ea elementor-widget elementor-widget-heading\" data-id=\"93488ea\" data-element_type=\"widget\" data-widget_type=\"heading.default\">\n\t\t\t\t<div class=\"elementor-widget-container\">\n\t\t\t\t\t<h2 class=\"elementor-heading-title elementor-size-default\">Pourquoi les olives sont-elles des fruits ?<\/h2>\t\t\t\t<\/div>\n\t\t\t\t<\/div>\n\t\t\t\t\t<\/div>\n\t\t<\/div>\n\t\t\t\t\t<\/div>\n\t\t<\/section>\n\t\t\t\t<section class=\"elementor-section elementor-top-section elementor-element elementor-element-7c35012 elementor-section-boxed elementor-section-height-default elementor-section-height-default\" data-id=\"7c35012\" data-element_type=\"section\">\n\t\t\t\t\t\t<div class=\"elementor-container elementor-column-gap-default\">\n\t\t\t\t\t<div class=\"elementor-column elementor-col-100 elementor-top-column elementor-element elementor-element-20eaec8\" data-id=\"20eaec8\" data-element_type=\"column\">\n\t\t\t<div class=\"elementor-widget-wrap elementor-element-populated\">\n\t\t\t\t\t\t<div class=\"elementor-element elementor-element-af43006 elementor-widget elementor-widget-text-editor\" data-id=\"af43006\" data-element_type=\"widget\" data-widget_type=\"text-editor.default\">\n\t\t\t\t<div class=\"elementor-widget-container\">\n\t\t\t\t\t\t\t\t\t<p>La r\u00e9ponse est claire : les olives sont des fruits, car elles se d\u00e9veloppent \u00e0 partir de l&#8217;ovaire d&#8217;une fleur et contiennent une graine \u00e0 l&#8217;int\u00e9rieur. D\u2019un point de vue <a href=\"https:\/\/es.wikipedia.org\/wiki\/Bot%C3%A1nica\" target=\"_blank\" rel=\"noopener\">botanique<\/a>, l\u2019olive est plus pr\u00e9cis\u00e9ment class\u00e9e parmi les drupes, \u00e0 l\u2019instar d\u2019autres fruits \u00e0 noyau. M\u00eame si, en cuisine, elle peut \u00eatre utilis\u00e9e comme amuse-bouche, ingr\u00e9dient sal\u00e9 ou mati\u00e8re premi\u00e8re pour la fabrication d\u2019huile, sa nature v\u00e9g\u00e9tale reste inchang\u00e9e. Souhaitez-vous en savoir plus sur les raisons pour lesquelles c\u2019est un fruit ?   <\/p>\t\t\t\t\t\t\t\t<\/div>\n\t\t\t\t<\/div>\n\t\t\t\t\t<\/div>\n\t\t<\/div>\n\t\t\t\t\t<\/div>\n\t\t<\/section>\n\t\t\t\t<section class=\"elementor-section elementor-top-section elementor-element elementor-element-15fdf85 elementor-section-boxed elementor-section-height-default elementor-section-height-default\" data-id=\"15fdf85\" data-element_type=\"section\">\n\t\t\t\t\t\t<div class=\"elementor-container elementor-column-gap-default\">\n\t\t\t\t\t<div class=\"elementor-column elementor-col-100 elementor-top-column elementor-element elementor-element-4dc3e4c\" data-id=\"4dc3e4c\" data-element_type=\"column\">\n\t\t\t<div class=\"elementor-widget-wrap elementor-element-populated\">\n\t\t\t\t\t\t<div class=\"elementor-element elementor-element-db608dd elementor-widget elementor-widget-heading\" data-id=\"db608dd\" data-element_type=\"widget\" data-widget_type=\"heading.default\">\n\t\t\t\t<div class=\"elementor-widget-container\">\n\t\t\t\t\t<h2 class=\"elementor-heading-title elementor-size-default\">Comment se forme l'olive ?<\/h2>\t\t\t\t<\/div>\n\t\t\t\t<\/div>\n\t\t\t\t\t<\/div>\n\t\t<\/div>\n\t\t\t\t\t<\/div>\n\t\t<\/section>\n\t\t\t\t<section class=\"elementor-section elementor-top-section elementor-element elementor-element-ed78219 elementor-section-boxed elementor-section-height-default elementor-section-height-default\" data-id=\"ed78219\" data-element_type=\"section\">\n\t\t\t\t\t\t<div class=\"elementor-container elementor-column-gap-default\">\n\t\t\t\t\t<div class=\"elementor-column elementor-col-50 elementor-top-column elementor-element elementor-element-332eb87\" data-id=\"332eb87\" data-element_type=\"column\">\n\t\t\t<div class=\"elementor-widget-wrap elementor-element-populated\">\n\t\t\t\t\t\t<div class=\"elementor-element elementor-element-e2b2cc1 elementor-widget elementor-widget-text-editor\" data-id=\"e2b2cc1\" data-element_type=\"widget\" data-widget_type=\"text-editor.default\">\n\t\t\t\t<div class=\"elementor-widget-container\">\n\t\t\t\t\t\t\t\t\t<p>Pour comprendre pourquoi les olives sont des fruits, il convient d\u2019observer comment elles se forment. L\u2019 <strong><a href=\"https:\/\/adeoliva.com\/arbol-del-olivo\/\">olivier<\/a><\/strong> produit de petites fleurs regroup\u00e9es en inflorescences, et apr\u00e8s la pollinisation, certaines fleurs parviennent \u00e0 d\u00e9velopper un fruit. L\u2019olive pr\u00e9sente une peau externe, une chair charnue et un noyau qui prot\u00e8ge la graine. C\u2019est pourquoi elle appartient \u00e0 la famille des drupes. Sa taille, sa forme, sa couleur et sa composition peuvent varier en fonction de la vari\u00e9t\u00e9, de l\u2019environnement et des conditions de r\u00e9colte.      <\/p>\t\t\t\t\t\t\t\t<\/div>\n\t\t\t\t<\/div>\n\t\t\t\t\t<\/div>\n\t\t<\/div>\n\t\t\t\t<div class=\"elementor-column elementor-col-50 elementor-top-column elementor-element elementor-element-008912a\" data-id=\"008912a\" data-element_type=\"column\">\n\t\t\t<div class=\"elementor-widget-wrap elementor-element-populated\">\n\t\t\t\t\t\t<div class=\"elementor-element elementor-element-bc287cb elementor-widget elementor-widget-image\" data-id=\"bc287cb\" data-element_type=\"widget\" data-widget_type=\"image.default\">\n\t\t\t\t<div class=\"elementor-widget-container\">\n\t\t\t\t\t\t\t\t\t\t\t\t\t\t\t<img decoding=\"async\" width=\"888\" height=\"592\" src=\"https:\/\/adeoliva.com\/wp-content\/uploads\/2026\/08\/fruto-del-olivo-1024x683.jpg\" class=\"attachment-large size-large wp-image-31245\" alt=\"\" srcset=\"https:\/\/adeoliva.com\/wp-content\/uploads\/2026\/08\/fruto-del-olivo-1024x683.jpg 1024w, https:\/\/adeoliva.com\/wp-content\/uploads\/2026\/08\/fruto-del-olivo-300x200.jpg 300w, https:\/\/adeoliva.com\/wp-content\/uploads\/2026\/08\/fruto-del-olivo-768x512.jpg 768w, https:\/\/adeoliva.com\/wp-content\/uploads\/2026\/08\/fruto-del-olivo-1536x1024.jpg 1536w, https:\/\/adeoliva.com\/wp-content\/uploads\/2026\/08\/fruto-del-olivo-2048x1365.jpg 2048w, https:\/\/adeoliva.com\/wp-content\/uploads\/2026\/08\/fruto-del-olivo-600x400.jpg 600w\" sizes=\"(max-width: 888px) 100vw, 888px\" title=\"\">\t\t\t\t\t\t\t\t\t\t\t\t\t\t\t<\/div>\n\t\t\t\t<\/div>\n\t\t\t\t\t<\/div>\n\t\t<\/div>\n\t\t\t\t\t<\/div>\n\t\t<\/section>\n\t\t\t\t<section class=\"elementor-section elementor-top-section elementor-element elementor-element-f0893cd elementor-section-boxed elementor-section-height-default elementor-section-height-default\" data-id=\"f0893cd\" data-element_type=\"section\">\n\t\t\t\t\t\t<div class=\"elementor-container elementor-column-gap-default\">\n\t\t\t\t\t<div class=\"elementor-column elementor-col-100 elementor-top-column elementor-element elementor-element-d6a9ab1\" data-id=\"d6a9ab1\" data-element_type=\"column\">\n\t\t\t<div class=\"elementor-widget-wrap elementor-element-populated\">\n\t\t\t\t\t\t<div class=\"elementor-element elementor-element-e061f8c elementor-widget elementor-widget-heading\" data-id=\"e061f8c\" data-element_type=\"widget\" data-widget_type=\"heading.default\">\n\t\t\t\t<div class=\"elementor-widget-container\">\n\t\t\t\t\t<h2 class=\"elementor-heading-title elementor-size-default\">Quand l'olivier fleurit-il ?<\/h2>\t\t\t\t<\/div>\n\t\t\t\t<\/div>\n\t\t\t\t\t<\/div>\n\t\t<\/div>\n\t\t\t\t\t<\/div>\n\t\t<\/section>\n\t\t\t\t<section class=\"elementor-section elementor-top-section elementor-element elementor-element-98d4bee elementor-section-boxed elementor-section-height-default elementor-section-height-default\" data-id=\"98d4bee\" data-element_type=\"section\">\n\t\t\t\t\t\t<div class=\"elementor-container elementor-column-gap-default\">\n\t\t\t\t\t<div class=\"elementor-column elementor-col-50 elementor-top-column elementor-element elementor-element-cec832b\" data-id=\"cec832b\" data-element_type=\"column\">\n\t\t\t<div class=\"elementor-widget-wrap elementor-element-populated\">\n\t\t\t\t\t\t<div class=\"elementor-element elementor-element-2593f22 elementor-widget elementor-widget-image\" data-id=\"2593f22\" data-element_type=\"widget\" data-widget_type=\"image.default\">\n\t\t\t\t<div class=\"elementor-widget-container\">\n\t\t\t\t\t\t\t\t\t\t\t\t\t\t\t<img decoding=\"async\" width=\"888\" height=\"592\" src=\"https:\/\/adeoliva.com\/wp-content\/uploads\/2026\/08\/cuando-florece-el-olivo-1024x683.jpg\" class=\"attachment-large size-large wp-image-31246\" alt=\"\" srcset=\"https:\/\/adeoliva.com\/wp-content\/uploads\/2026\/08\/cuando-florece-el-olivo-1024x683.jpg 1024w, https:\/\/adeoliva.com\/wp-content\/uploads\/2026\/08\/cuando-florece-el-olivo-300x200.jpg 300w, https:\/\/adeoliva.com\/wp-content\/uploads\/2026\/08\/cuando-florece-el-olivo-768x512.jpg 768w, https:\/\/adeoliva.com\/wp-content\/uploads\/2026\/08\/cuando-florece-el-olivo-1536x1024.jpg 1536w, https:\/\/adeoliva.com\/wp-content\/uploads\/2026\/08\/cuando-florece-el-olivo-600x400.jpg 600w, https:\/\/adeoliva.com\/wp-content\/uploads\/2026\/08\/cuando-florece-el-olivo.jpg 1920w\" sizes=\"(max-width: 888px) 100vw, 888px\" title=\"\">\t\t\t\t\t\t\t\t\t\t\t\t\t\t\t<\/div>\n\t\t\t\t<\/div>\n\t\t\t\t\t<\/div>\n\t\t<\/div>\n\t\t\t\t<div class=\"elementor-column elementor-col-50 elementor-top-column elementor-element elementor-element-74bdf7b\" data-id=\"74bdf7b\" data-element_type=\"column\">\n\t\t\t<div class=\"elementor-widget-wrap elementor-element-populated\">\n\t\t\t\t\t\t<div class=\"elementor-element elementor-element-f189ae9 elementor-widget elementor-widget-text-editor\" data-id=\"f189ae9\" data-element_type=\"widget\" data-widget_type=\"text-editor.default\">\n\t\t\t\t<div class=\"elementor-widget-container\">\n\t\t\t\t\t\t\t\t\t<p>Les olives sont des fruits qui se d\u00e9veloppent \u00e0 partir des fleurs de l\u2019olivier et de la nouaison qui s\u2019ensuit. \u00c0 partir de ce moment, le fruit entame un processus de croissance et de maturation au cours duquel il grossit et acquiert les caract\u00e9ristiques propres \u00e0 chaque vari\u00e9t\u00e9. Au cours de son d\u00e9veloppement, l\u2019olive passe par diff\u00e9rentes \u00e9tapes jusqu\u2019\u00e0 atteindre le stade de maturit\u00e9 appropri\u00e9 pour sa r\u00e9colte, que ce soit pour \u00eatre consomm\u00e9e comme olive de table ou pour la production d\u2019huile d\u2019olive.    <\/p>\t\t\t\t\t\t\t\t<\/div>\n\t\t\t\t<\/div>\n\t\t\t\t\t<\/div>\n\t\t<\/div>\n\t\t\t\t\t<\/div>\n\t\t<\/section>\n\t\t\t\t<section class=\"elementor-section elementor-top-section elementor-element elementor-element-ce88d33 elementor-section-boxed elementor-section-height-default elementor-section-height-default\" data-id=\"ce88d33\" data-element_type=\"section\">\n\t\t\t\t\t\t<div class=\"elementor-container elementor-column-gap-default\">\n\t\t\t\t\t<div class=\"elementor-column elementor-col-100 elementor-top-column elementor-element elementor-element-cbb3945\" data-id=\"cbb3945\" data-element_type=\"column\">\n\t\t\t<div class=\"elementor-widget-wrap elementor-element-populated\">\n\t\t\t\t\t\t<div class=\"elementor-element elementor-element-d2a6a99 elementor-widget elementor-widget-heading\" data-id=\"d2a6a99\" data-element_type=\"widget\" data-widget_type=\"heading.default\">\n\t\t\t\t<div class=\"elementor-widget-container\">\n\t\t\t\t\t<h2 class=\"elementor-heading-title elementor-size-default\">Caract\u00e9ristiques nutritionnelles du fruit<\/h2>\t\t\t\t<\/div>\n\t\t\t\t<\/div>\n\t\t\t\t\t<\/div>\n\t\t<\/div>\n\t\t\t\t\t<\/div>\n\t\t<\/section>\n\t\t\t\t<section class=\"elementor-section elementor-top-section elementor-element elementor-element-05a3e9f elementor-section-boxed elementor-section-height-default elementor-section-height-default\" data-id=\"05a3e9f\" data-element_type=\"section\">\n\t\t\t\t\t\t<div class=\"elementor-container elementor-column-gap-default\">\n\t\t\t\t\t<div class=\"elementor-column elementor-col-100 elementor-top-column elementor-element elementor-element-9d38495\" data-id=\"9d38495\" data-element_type=\"column\">\n\t\t\t<div class=\"elementor-widget-wrap elementor-element-populated\">\n\t\t\t\t\t\t<div class=\"elementor-element elementor-element-ed1c3b1 elementor-widget elementor-widget-text-editor\" data-id=\"ed1c3b1\" data-element_type=\"widget\" data-widget_type=\"text-editor.default\">\n\t\t\t\t<div class=\"elementor-widget-container\">\n\t\t\t\t\t\t\t\t\t<p>Dire que les olives sont des fruits ne signifie pas qu&#8217;elles ont la m\u00eame composition qu&#8217;une pomme ou une orange. Ce sont des fruits riches en mati\u00e8res grasses, et c&#8217;est \u00e0 partir de leur pulpe que l&#8217;on obtient l&#8217;huile d&#8217;olive. L&#8217;huile d&#8217;olive vierge extra apporte des acides gras monoinsatur\u00e9s et de la vitamine E, tandis que l&#8217;olive de table a une composition diff\u00e9rente et n\u00e9cessite des traitements avant d&#8217;\u00eatre consomm\u00e9e. Les olives sont des fruits et se d\u00e9clinent sous diff\u00e9rentes formes. Chaque forme poss\u00e8de ses propres caract\u00e9ristiques, mais toutes ont la m\u00eame origine : l\u2019olive, fruit de l\u2019olivier. Conna\u00eetre ces diff\u00e9rences permet de mieux comprendre chaque forme et de la choisir en fonction de son utilisation culinaire la plus courante et quotidienne.     <\/p>\t\t\t\t\t\t\t\t<\/div>\n\t\t\t\t<\/div>\n\t\t\t\t\t<\/div>\n\t\t<\/div>\n\t\t\t\t\t<\/div>\n\t\t<\/section>\n\t\t\t\t<section class=\"elementor-section elementor-top-section elementor-element elementor-element-60257e6 elementor-section-boxed elementor-section-height-default elementor-section-height-default\" data-id=\"60257e6\" data-element_type=\"section\">\n\t\t\t\t\t\t<div class=\"elementor-container elementor-column-gap-default\">\n\t\t\t\t\t<div class=\"elementor-column elementor-col-100 elementor-top-column elementor-element elementor-element-e0925e6\" data-id=\"e0925e6\" data-element_type=\"column\">\n\t\t\t<div class=\"elementor-widget-wrap elementor-element-populated\">\n\t\t\t\t\t\t<div class=\"elementor-element elementor-element-d5495f3 elementor-widget elementor-widget-heading\" data-id=\"d5495f3\" data-element_type=\"widget\" data-widget_type=\"heading.default\">\n\t\t\t\t<div class=\"elementor-widget-container\">\n\t\t\t\t\t<h2 class=\"elementor-heading-title elementor-size-default\">Conclusion<\/h2>\t\t\t\t<\/div>\n\t\t\t\t<\/div>\n\t\t\t\t\t<\/div>\n\t\t<\/div>\n\t\t\t\t\t<\/div>\n\t\t<\/section>\n\t\t\t\t<section class=\"elementor-section elementor-top-section elementor-element elementor-element-359ddec elementor-section-boxed elementor-section-height-default elementor-section-height-default\" data-id=\"359ddec\" data-element_type=\"section\">\n\t\t\t\t\t\t<div class=\"elementor-container elementor-column-gap-default\">\n\t\t\t\t\t<div class=\"elementor-column elementor-col-100 elementor-top-column elementor-element elementor-element-1bb1148\" data-id=\"1bb1148\" data-element_type=\"column\">\n\t\t\t<div class=\"elementor-widget-wrap elementor-element-populated\">\n\t\t\t\t\t\t<div class=\"elementor-element elementor-element-f16c3be elementor-widget elementor-widget-text-editor\" data-id=\"f16c3be\" data-element_type=\"widget\" data-widget_type=\"text-editor.default\">\n\t\t\t\t<div class=\"elementor-widget-container\">\n\t\t\t\t\t\t\t\t\t<p>Nous savons d\u00e9sormais que les olives sont des fruits, et cette affirmation s&#8217;explique d&#8217;un point de vue botanique : elles naissent des fleurs de l&#8217;olivier et contiennent un grain prot\u00e9g\u00e9 par un noyau. Nous avons \u00e9galement vu \u00e0 quelle p\u00e9riode l&#8217;olivier fleurit et comment le fruit se d\u00e9veloppe. \u00c0 Ja\u00e9n, ce savoir fait partie int\u00e9grante de la culture de l\u2019oliveraie. Chez Adeoliva, la diffusion de ces informations contribue \u00e0 valoriser chaque r\u00e9colte, chaque fruit et chaque goutte d\u2019huile.   <\/p>\t\t\t\t\t\t\t\t<\/div>\n\t\t\t\t<\/div>\n\t\t\t\t\t<\/div>\n\t\t<\/div>\n\t\t\t\t\t<\/div>\n\t\t<\/section>\n\t\t\t\t<\/div>\n\t\t","protected":false},"excerpt":{"rendered":"<p>Lorsque l\u2019on parle d\u2019olives, on pense g\u00e9n\u00e9ralement aux amuse-bouches, aux salades ou \u00e0 l\u2019huile d\u2019olive, mais il existe un aspect botanique int\u00e9ressant : les olives sont des fruits. En r\u00e9alit\u00e9, cet aliment provient directement de la fleur de l\u2019olivier et remplit une fonction reproductive essentielle pour l\u2019arbre. L\u2019olive, fruit de l\u2019olivier, commence son d\u00e9veloppement apr\u00e8s &#8230; <a title=\"Les olives sont des fruits : d\u00e9couvrez pourquoi\" class=\"read-more\" href=\"https:\/\/adeoliva.com\/fr\/les-olives-sont-des-fruits\/\" aria-label=\"En savoir plus sur Les olives sont des fruits : d\u00e9couvrez pourquoi\">Lire la suite<\/a><\/p>\n","protected":false},"author":1630,"featured_media":31244,"comment_status":"open","ping_status":"open","sticky":false,"template":"","format":"standard","meta":{"rank_math_lock_modified_date":false,"_joinchat":[],"footnotes":""},"categories":[1347],"tags":[1449,1342],"class_list":["post-31247","post","type-post","status-publish","format-standard","has-post-thumbnail","hentry","category-le-saviez-vous","tag-agriculture","tag-alimentation"],"_links":{"self":[{"href":"https:\/\/adeoliva.com\/fr\/wp-json\/wp\/v2\/posts\/31247","targetHints":{"allow":["GET"]}}],"collection":[{"href":"https:\/\/adeoliva.com\/fr\/wp-json\/wp\/v2\/posts"}],"about":[{"href":"https:\/\/adeoliva.com\/fr\/wp-json\/wp\/v2\/types\/post"}],"author":[{"embeddable":true,"href":"https:\/\/adeoliva.com\/fr\/wp-json\/wp\/v2\/users\/1630"}],"replies":[{"embeddable":true,"href":"https:\/\/adeoliva.com\/fr\/wp-json\/wp\/v2\/comments?post=31247"}],"version-history":[{"count":1,"href":"https:\/\/adeoliva.com\/fr\/wp-json\/wp\/v2\/posts\/31247\/revisions"}],"predecessor-version":[{"id":31248,"href":"https:\/\/adeoliva.com\/fr\/wp-json\/wp\/v2\/posts\/31247\/revisions\/31248"}],"wp:featuredmedia":[{"embeddable":true,"href":"https:\/\/adeoliva.com\/fr\/wp-json\/wp\/v2\/media\/31244"}],"wp:attachment":[{"href":"https:\/\/adeoliva.com\/fr\/wp-json\/wp\/v2\/media?parent=31247"}],"wp:term":[{"taxonomy":"category","embeddable":true,"href":"https:\/\/adeoliva.com\/fr\/wp-json\/wp\/v2\/categories?post=31247"},{"taxonomy":"post_tag","embeddable":true,"href":"https:\/\/adeoliva.com\/fr\/wp-json\/wp\/v2\/tags?post=31247"}],"curies":[{"name":"wp","href":"https:\/\/api.w.org\/{rel}","templated":true}]}}